{"id":1169,"date":"2024-02-08T14:23:19","date_gmt":"2024-02-08T14:23:19","guid":{"rendered":"https:\/\/www.sucreestilismo.es\/nueva\/?p=1169"},"modified":"2024-02-08T14:51:39","modified_gmt":"2024-02-08T14:51:39","slug":"coloracion-natural-barro-vs-tintes-no-agresivos-cual-es-la-mejor-opcion-para-tu-cabello","status":"publish","type":"post","link":"https:\/\/www.sucreestilismo.es\/nueva\/coloracion-natural-barro-vs-tintes-no-agresivos-cual-es-la-mejor-opcion-para-tu-cabello\/","title":{"rendered":"Coloraci\u00f3n Natural: Barro vs. Tintes No Agresivos \u2013 \u00bfCu\u00e1l es la Mejor Opci\u00f3n para tu Cabello?"},"content":{"rendered":"\n<p><\/p>\n\n\n\n<p>En el mundo de la coloraci\u00f3n capilar, la b\u00fasqueda de alternativas que respeten la salud del cabello y del medio ambiente est\u00e1 en auge. La coloraci\u00f3n con barro ha sido elogiada por sus cualidades naturales y suaves, pero \u00bfes realmente superior a otros tintes no agresivos disponibles en el mercado? En Sucre Estilismo, creemos en desmentir mitos y ofrecer una perspectiva basada en la ciencia y la experiencia profesional.<\/p>\n\n\n\n<h3 class=\"wp-block-heading\">\u00bfQu\u00e9 es la coloraci\u00f3n con barro?<\/h3>\n\n\n\n<p>La coloraci\u00f3n con barro es una t\u00e9cnica milenaria que utiliza componentes como arcillas, maderas y minerales para te\u00f1ir el cabello. Estos ingredientes naturales prometen no solo cambiar el tono del cabello, sino tambi\u00e9n mejorar su textura y salud general.<\/p>\n\n\n\n<figure class=\"wp-block-image size-large\"><img loading=\"lazy\" decoding=\"async\" width=\"1024\" height=\"576\" src=\"https:\/\/www.sucreestilismo.es\/nueva\/wp-content\/uploads\/2024\/02\/TINTES-Y-COLORANTES-DEL-CABELLO-1024x576.png\" alt=\"TINTES Y COLORANTES DEL CABELLO\" class=\"wp-image-1172\" srcset=\"https:\/\/www.sucreestilismo.es\/nueva\/wp-content\/uploads\/2024\/02\/TINTES-Y-COLORANTES-DEL-CABELLO-1024x576.png 1024w, https:\/\/www.sucreestilismo.es\/nueva\/wp-content\/uploads\/2024\/02\/TINTES-Y-COLORANTES-DEL-CABELLO-300x169.png 300w, https:\/\/www.sucreestilismo.es\/nueva\/wp-content\/uploads\/2024\/02\/TINTES-Y-COLORANTES-DEL-CABELLO-768x432.png 768w, https:\/\/www.sucreestilismo.es\/nueva\/wp-content\/uploads\/2024\/02\/TINTES-Y-COLORANTES-DEL-CABELLO-1536x864.png 1536w, https:\/\/www.sucreestilismo.es\/nueva\/wp-content\/uploads\/2024\/02\/TINTES-Y-COLORANTES-DEL-CABELLO-2048x1152.png 2048w\" sizes=\"auto, (max-width: 1024px) 100vw, 1024px\" \/><figcaption class=\"wp-element-caption\">TINTES Y COLORANTES DEL CABELLO<\/figcaption><\/figure>\n\n\n\n<h3 class=\"wp-block-heading\">Tintes no agresivos: Una gran variedad de opciones<\/h3>\n\n\n\n<p>Por otro lado, los tintes no agresivos modernos ofrecen una amplia gama de opciones. Est\u00e1n formulados sin amon\u00edaco ni parabenos y est\u00e1n dise\u00f1ados para minimizar el da\u00f1o capilar, manteniendo un color vibrante y duradero.<\/p>\n\n\n\n<h3 class=\"wp-block-heading\">Comparativa de efectos sobre el cabello<\/h3>\n\n\n\n<p>Aunque los barros son conocidos por su capacidad para nutrir el cabello mientras lo colorean, los tintes no agresivos han avanzado mucho en t\u00e9rminos de cuidado capilar. Con ingredientes como aceites naturales, vitaminas y antioxidantes, estos tintes proporcionan una experiencia de coloraci\u00f3n que es tan cuidadosa con tu cabello como lo son los barros [3].<\/p>\n\n\n\n<h3 class=\"wp-block-heading\">Rompiendo<strong> <\/strong>mitos: cobertura de canas y efectividad<\/h3>\n\n\n\n<p>Es hora de romper el mito: la coloraci\u00f3n con barro no es la \u00fanica opci\u00f3n para quienes buscan un enfoque m\u00e1s natural. Los tintes no agresivos actuales ofrecen resultados comparables sin comprometer la salud del cabello. De hecho, muchos ofrecen una paleta de colores m\u00e1s amplia y una aplicaci\u00f3n m\u00e1s consistente.<\/p>\n\n\n\n<p>Adem\u00e1s, es fundamental abordar una de las mayores preocupaciones cuando se trata de coloraci\u00f3n capilar: la cobertura de canas. A menudo se asume que las soluciones m\u00e1s naturales como la coloraci\u00f3n con barro ofrecen un resultado m\u00e1s suave y menos da\u00f1ino. <\/p>\n\n\n\n<p>Sin embargo, es importante se\u00f1alar que la coloraci\u00f3n con barro, a pesar de sus beneficios nutricionales para el cabello, no siempre logra una cobertura total de las canas. Esto se debe a su composici\u00f3n natural que tiende a ser menos invasiva y por tanto, puede no ser tan efectiva en ocultar completamente las canas, dejando a veces un reflejo o un tono m\u00e1s suave en lugar de una cobertura completa.<\/p>\n\n\n\n<p>Por otro lado, muchos tintes no agresivos del mercado han sido formulados espec\u00edficamente para tratar este desaf\u00edo, ofreciendo una cobertura de canas m\u00e1s completa sin comprometer la integridad del cabello. <\/p>\n\n\n\n<p>Estos productos utilizan tecnolog\u00eda avanzada para asegurar que el color se adhiera uniformemente, incluso en las canas m\u00e1s resistentes, proporcionando un acabado homog\u00e9neo y duradero. <\/p>\n\n\n\n<p>En Sucre Estilismo, entendemos que cada cliente tiene necesidades \u00fanicas y merece una soluci\u00f3n personalizada que ofrezca tanto cuidado como coloraci\u00f3n efectiva, independientemente de la cantidad o la tenacidad de las canas.<\/p>\n\n\n\n<h3 class=\"wp-block-heading\">Aspectos a considerar antes de elegir un tinte<\/h3>\n\n\n\n<p>Antes de decidirte por un producto de coloraci\u00f3n, considera tu tipo de cabello, historial de tratamientos y objetivos de coloraci\u00f3n. En Sucre Estilismo, recomendamos siempre una consulta profesional para elegir el producto m\u00e1s adecuado para ti.<\/p>\n\n\n\n<p>La elecci\u00f3n entre la coloraci\u00f3n con barro y los tintes no agresivos depende de tus necesidades personales y preferencias. En Sucre Estilismo, estamos aqu\u00ed para proporcionarte la informaci\u00f3n y el asesoramiento que necesitas para tomar la mejor decisi\u00f3n para tu cabello.<\/p>\n\n\n\n<p>Recuerda visitar nuestro sitio <a href=\"http:\/\/sucreestilismo.es\">web<\/a>  para m\u00e1s consejos y trucos sobre c\u00f3mo mantener tu cabello sano y hermoso.<\/p>\n","protected":false},"excerpt":{"rendered":"<p>Coloraci\u00f3n Natural: Barro vs. Tintes No Agresivos  \u00bfCu\u00e1l es la Mejor Opci\u00f3n para tu Cabello?<\/p>\n","protected":false},"author":2,"featured_media":1170,"comment_status":"open","ping_status":"open","sticky":false,"template":"","format":"standard","meta":{"_et_pb_use_builder":"off","_et_pb_old_content":"","_et_gb_content_width":"","_joinchat":[],"footnotes":""},"categories":[11],"tags":[43,50,51,44,47,48,45,49,17,52,46],"class_list":["post-1169","post","type-post","status-publish","format-standard","has-post-thumbnail","hentry","category-productos","tag-belleza-sostenible","tag-coloracion-capilar-organica","tag-coloracion-con-barro","tag-coloracion-natural","tag-cuidado-capilar-ecologico","tag-cuidado-capilar-natural","tag-oloracion-con-barro","tag-salud-del-cabello","tag-sucre-estilismo","tag-tinte-sisin-amoniaco","tag-tintes-no-agresivos"],"yoast_head":"<!-- This site is optimized with the Yoast SEO plugin v23.3 - https:\/\/yoast.com\/wordpress\/plugins\/seo\/ -->\n<title>Coloraci\u00f3n Natural: Barro vs. Tintes No Agresivos \u2013 \u00bfCu\u00e1l es la Mejor Opci\u00f3n para tu Cabello? - Sucre Estilismo<\/title>\n<meta name=\"robots\" content=\"index, follow, max-snippet:-1, max-image-preview:large, max-video-preview:-1\" \/>\n<link rel=\"canonical\" href=\"https:\/\/www.sucreestilismo.es\/nueva\/coloracion-natural-barro-vs-tintes-no-agresivos-cual-es-la-mejor-opcion-para-tu-cabello\/\" \/>\n<meta property=\"og:locale\" content=\"es_ES\" \/>\n<meta property=\"og:type\" content=\"article\" \/>\n<meta property=\"og:title\" content=\"Coloraci\u00f3n Natural: Barro vs. Tintes No Agresivos \u2013 \u00bfCu\u00e1l es la Mejor Opci\u00f3n para tu Cabello? - Sucre Estilismo\" \/>\n<meta property=\"og:description\" content=\"Coloraci\u00f3n Natural: Barro vs. Tintes No Agresivos \u00bfCu\u00e1l es la Mejor Opci\u00f3n para tu Cabello?\" \/>\n<meta property=\"og:url\" content=\"https:\/\/www.sucreestilismo.es\/nueva\/coloracion-natural-barro-vs-tintes-no-agresivos-cual-es-la-mejor-opcion-para-tu-cabello\/\" \/>\n<meta property=\"og:site_name\" content=\"Sucre Estilismo\" \/>\n<meta property=\"article:publisher\" content=\"https:\/\/www.facebook.com\/Sucreestilismo\" \/>\n<meta property=\"article:published_time\" content=\"2024-02-08T14:23:19+00:00\" \/>\n<meta property=\"article:modified_time\" content=\"2024-02-08T14:51:39+00:00\" \/>\n<meta property=\"og:image\" content=\"https:\/\/www.sucreestilismo.es\/nueva\/wp-content\/uploads\/2024\/02\/BARRO-VS-TINTES-NO-AGRESIVOS.png\" \/>\n\t<meta property=\"og:image:width\" content=\"2240\" \/>\n\t<meta property=\"og:image:height\" content=\"1260\" \/>\n\t<meta property=\"og:image:type\" content=\"image\/png\" \/>\n<meta name=\"author\" content=\"Inma\" \/>\n<meta name=\"twitter:card\" content=\"summary_large_image\" \/>\n<meta name=\"twitter:label1\" content=\"Escrito por\" \/>\n\t<meta name=\"twitter:data1\" content=\"Inma\" \/>\n\t<meta name=\"twitter:label2\" content=\"Tiempo de lectura\" \/>\n\t<meta name=\"twitter:data2\" content=\"3 minutos\" \/>\n<script type=\"application\/ld+json\" class=\"yoast-schema-graph\">{\"@context\":\"https:\/\/schema.org\",\"@graph\":[{\"@type\":\"Article\",\"@id\":\"https:\/\/www.sucreestilismo.es\/nueva\/coloracion-natural-barro-vs-tintes-no-agresivos-cual-es-la-mejor-opcion-para-tu-cabello\/#article\",\"isPartOf\":{\"@id\":\"https:\/\/www.sucreestilismo.es\/nueva\/coloracion-natural-barro-vs-tintes-no-agresivos-cual-es-la-mejor-opcion-para-tu-cabello\/\"},\"author\":{\"name\":\"Inma\",\"@id\":\"https:\/\/www.sucreestilismo.es\/nueva\/#\/schema\/person\/e90a36d3c0e597ba139c25d86f827d6c\"},\"headline\":\"Coloraci\u00f3n Natural: Barro vs. Tintes No Agresivos \u2013 \u00bfCu\u00e1l es la Mejor Opci\u00f3n para tu Cabello?\",\"datePublished\":\"2024-02-08T14:23:19+00:00\",\"dateModified\":\"2024-02-08T14:51:39+00:00\",\"mainEntityOfPage\":{\"@id\":\"https:\/\/www.sucreestilismo.es\/nueva\/coloracion-natural-barro-vs-tintes-no-agresivos-cual-es-la-mejor-opcion-para-tu-cabello\/\"},\"wordCount\":646,\"commentCount\":0,\"publisher\":{\"@id\":\"https:\/\/www.sucreestilismo.es\/nueva\/#organization\"},\"image\":{\"@id\":\"https:\/\/www.sucreestilismo.es\/nueva\/coloracion-natural-barro-vs-tintes-no-agresivos-cual-es-la-mejor-opcion-para-tu-cabello\/#primaryimage\"},\"thumbnailUrl\":\"https:\/\/www.sucreestilismo.es\/nueva\/wp-content\/uploads\/2024\/02\/BARRO-VS-TINTES-NO-AGRESIVOS.png\",\"keywords\":[\"belleza sostenible\",\"coloraci\u00f3n capilar org\u00e1nica\",\"coloraci\u00f3n con barro\",\"coloraci\u00f3n natural\",\"cuidado capilar ecol\u00f3gico\",\"cuidado capilar natural\",\"oloraci\u00f3n con barro\",\"salud del cabello\",\"sucre estilismo\",\"tinte siSIN amon\u00edaco.\",\"tintes no agresivos\"],\"articleSection\":[\"PRODUCTOS\"],\"inLanguage\":\"es\",\"potentialAction\":[{\"@type\":\"CommentAction\",\"name\":\"Comment\",\"target\":[\"https:\/\/www.sucreestilismo.es\/nueva\/coloracion-natural-barro-vs-tintes-no-agresivos-cual-es-la-mejor-opcion-para-tu-cabello\/#respond\"]}]},{\"@type\":\"WebPage\",\"@id\":\"https:\/\/www.sucreestilismo.es\/nueva\/coloracion-natural-barro-vs-tintes-no-agresivos-cual-es-la-mejor-opcion-para-tu-cabello\/\",\"url\":\"https:\/\/www.sucreestilismo.es\/nueva\/coloracion-natural-barro-vs-tintes-no-agresivos-cual-es-la-mejor-opcion-para-tu-cabello\/\",\"name\":\"Coloraci\u00f3n Natural: Barro vs. Tintes No Agresivos \u2013 \u00bfCu\u00e1l es la Mejor Opci\u00f3n para tu Cabello? - Sucre Estilismo\",\"isPartOf\":{\"@id\":\"https:\/\/www.sucreestilismo.es\/nueva\/#website\"},\"primaryImageOfPage\":{\"@id\":\"https:\/\/www.sucreestilismo.es\/nueva\/coloracion-natural-barro-vs-tintes-no-agresivos-cual-es-la-mejor-opcion-para-tu-cabello\/#primaryimage\"},\"image\":{\"@id\":\"https:\/\/www.sucreestilismo.es\/nueva\/coloracion-natural-barro-vs-tintes-no-agresivos-cual-es-la-mejor-opcion-para-tu-cabello\/#primaryimage\"},\"thumbnailUrl\":\"https:\/\/www.sucreestilismo.es\/nueva\/wp-content\/uploads\/2024\/02\/BARRO-VS-TINTES-NO-AGRESIVOS.png\",\"datePublished\":\"2024-02-08T14:23:19+00:00\",\"dateModified\":\"2024-02-08T14:51:39+00:00\",\"breadcrumb\":{\"@id\":\"https:\/\/www.sucreestilismo.es\/nueva\/coloracion-natural-barro-vs-tintes-no-agresivos-cual-es-la-mejor-opcion-para-tu-cabello\/#breadcrumb\"},\"inLanguage\":\"es\",\"potentialAction\":[{\"@type\":\"ReadAction\",\"target\":[\"https:\/\/www.sucreestilismo.es\/nueva\/coloracion-natural-barro-vs-tintes-no-agresivos-cual-es-la-mejor-opcion-para-tu-cabello\/\"]}]},{\"@type\":\"ImageObject\",\"inLanguage\":\"es\",\"@id\":\"https:\/\/www.sucreestilismo.es\/nueva\/coloracion-natural-barro-vs-tintes-no-agresivos-cual-es-la-mejor-opcion-para-tu-cabello\/#primaryimage\",\"url\":\"https:\/\/www.sucreestilismo.es\/nueva\/wp-content\/uploads\/2024\/02\/BARRO-VS-TINTES-NO-AGRESIVOS.png\",\"contentUrl\":\"https:\/\/www.sucreestilismo.es\/nueva\/wp-content\/uploads\/2024\/02\/BARRO-VS-TINTES-NO-AGRESIVOS.png\",\"width\":2240,\"height\":1260,\"caption\":\"BARRO-VS-TINTES-NO-AGRESIVOS\"},{\"@type\":\"BreadcrumbList\",\"@id\":\"https:\/\/www.sucreestilismo.es\/nueva\/coloracion-natural-barro-vs-tintes-no-agresivos-cual-es-la-mejor-opcion-para-tu-cabello\/#breadcrumb\",\"itemListElement\":[{\"@type\":\"ListItem\",\"position\":1,\"name\":\"Portada\",\"item\":\"https:\/\/www.sucreestilismo.es\/nueva\/\"},{\"@type\":\"ListItem\",\"position\":2,\"name\":\"Coloraci\u00f3n Natural: Barro vs. Tintes No Agresivos \u2013 \u00bfCu\u00e1l es la Mejor Opci\u00f3n para tu Cabello?\"}]},{\"@type\":\"WebSite\",\"@id\":\"https:\/\/www.sucreestilismo.es\/nueva\/#website\",\"url\":\"https:\/\/www.sucreestilismo.es\/nueva\/\",\"name\":\"Sucre Estilismo\",\"description\":\"Bienvenidos a Sucre Estilismo\",\"publisher\":{\"@id\":\"https:\/\/www.sucreestilismo.es\/nueva\/#organization\"},\"potentialAction\":[{\"@type\":\"SearchAction\",\"target\":{\"@type\":\"EntryPoint\",\"urlTemplate\":\"https:\/\/www.sucreestilismo.es\/nueva\/?s={search_term_string}\"},\"query-input\":\"required name=search_term_string\"}],\"inLanguage\":\"es\"},{\"@type\":\"Organization\",\"@id\":\"https:\/\/www.sucreestilismo.es\/nueva\/#organization\",\"name\":\"Sucre Estilismo\",\"url\":\"https:\/\/www.sucreestilismo.es\/nueva\/\",\"logo\":{\"@type\":\"ImageObject\",\"inLanguage\":\"es\",\"@id\":\"https:\/\/www.sucreestilismo.es\/nueva\/#\/schema\/logo\/image\/\",\"url\":\"https:\/\/www.sucreestilismo.es\/nueva\/wp-content\/uploads\/2024\/08\/360100652_749128210499528_3366610477502812859_n.jpg\",\"contentUrl\":\"https:\/\/www.sucreestilismo.es\/nueva\/wp-content\/uploads\/2024\/08\/360100652_749128210499528_3366610477502812859_n.jpg\",\"width\":125,\"height\":125,\"caption\":\"Sucre Estilismo\"},\"image\":{\"@id\":\"https:\/\/www.sucreestilismo.es\/nueva\/#\/schema\/logo\/image\/\"},\"sameAs\":[\"https:\/\/www.facebook.com\/Sucreestilismo\",\"https:\/\/www.instagram.com\/sucreestilismo\/\",\"https:\/\/es.pinterest.com\/sucreestilismo\/\"]},{\"@type\":\"Person\",\"@id\":\"https:\/\/www.sucreestilismo.es\/nueva\/#\/schema\/person\/e90a36d3c0e597ba139c25d86f827d6c\",\"name\":\"Inma\",\"image\":{\"@type\":\"ImageObject\",\"inLanguage\":\"es\",\"@id\":\"https:\/\/www.sucreestilismo.es\/nueva\/#\/schema\/person\/image\/\",\"url\":\"https:\/\/secure.gravatar.com\/avatar\/2deb84ab803807d392585a2edc944878dd797a61b2eda9f17bc611d2dfc6ba48?s=96&d=mm&r=g\",\"contentUrl\":\"https:\/\/secure.gravatar.com\/avatar\/2deb84ab803807d392585a2edc944878dd797a61b2eda9f17bc611d2dfc6ba48?s=96&d=mm&r=g\",\"caption\":\"Inma\"},\"url\":\"https:\/\/www.sucreestilismo.es\/nueva\/author\/inma-usuario\/\"}]}<\/script>\n<!-- \/ Yoast SEO plugin. -->","yoast_head_json":{"title":"Coloraci\u00f3n Natural: Barro vs. Tintes No Agresivos \u2013 \u00bfCu\u00e1l es la Mejor Opci\u00f3n para tu Cabello? - Sucre Estilismo","robots":{"index":"index","follow":"follow","max-snippet":"max-snippet:-1","max-image-preview":"max-image-preview:large","max-video-preview":"max-video-preview:-1"},"canonical":"https:\/\/www.sucreestilismo.es\/nueva\/coloracion-natural-barro-vs-tintes-no-agresivos-cual-es-la-mejor-opcion-para-tu-cabello\/","og_locale":"es_ES","og_type":"article","og_title":"Coloraci\u00f3n Natural: Barro vs. Tintes No Agresivos \u2013 \u00bfCu\u00e1l es la Mejor Opci\u00f3n para tu Cabello? - Sucre Estilismo","og_description":"Coloraci\u00f3n Natural: Barro vs. Tintes No Agresivos \u00bfCu\u00e1l es la Mejor Opci\u00f3n para tu Cabello?","og_url":"https:\/\/www.sucreestilismo.es\/nueva\/coloracion-natural-barro-vs-tintes-no-agresivos-cual-es-la-mejor-opcion-para-tu-cabello\/","og_site_name":"Sucre Estilismo","article_publisher":"https:\/\/www.facebook.com\/Sucreestilismo","article_published_time":"2024-02-08T14:23:19+00:00","article_modified_time":"2024-02-08T14:51:39+00:00","og_image":[{"width":2240,"height":1260,"url":"https:\/\/www.sucreestilismo.es\/nueva\/wp-content\/uploads\/2024\/02\/BARRO-VS-TINTES-NO-AGRESIVOS.png","type":"image\/png"}],"author":"Inma","twitter_card":"summary_large_image","twitter_misc":{"Escrito por":"Inma","Tiempo de lectura":"3 minutos"},"schema":{"@context":"https:\/\/schema.org","@graph":[{"@type":"Article","@id":"https:\/\/www.sucreestilismo.es\/nueva\/coloracion-natural-barro-vs-tintes-no-agresivos-cual-es-la-mejor-opcion-para-tu-cabello\/#article","isPartOf":{"@id":"https:\/\/www.sucreestilismo.es\/nueva\/coloracion-natural-barro-vs-tintes-no-agresivos-cual-es-la-mejor-opcion-para-tu-cabello\/"},"author":{"name":"Inma","@id":"https:\/\/www.sucreestilismo.es\/nueva\/#\/schema\/person\/e90a36d3c0e597ba139c25d86f827d6c"},"headline":"Coloraci\u00f3n Natural: Barro vs. Tintes No Agresivos \u2013 \u00bfCu\u00e1l es la Mejor Opci\u00f3n para tu Cabello?","datePublished":"2024-02-08T14:23:19+00:00","dateModified":"2024-02-08T14:51:39+00:00","mainEntityOfPage":{"@id":"https:\/\/www.sucreestilismo.es\/nueva\/coloracion-natural-barro-vs-tintes-no-agresivos-cual-es-la-mejor-opcion-para-tu-cabello\/"},"wordCount":646,"commentCount":0,"publisher":{"@id":"https:\/\/www.sucreestilismo.es\/nueva\/#organization"},"image":{"@id":"https:\/\/www.sucreestilismo.es\/nueva\/coloracion-natural-barro-vs-tintes-no-agresivos-cual-es-la-mejor-opcion-para-tu-cabello\/#primaryimage"},"thumbnailUrl":"https:\/\/www.sucreestilismo.es\/nueva\/wp-content\/uploads\/2024\/02\/BARRO-VS-TINTES-NO-AGRESIVOS.png","keywords":["belleza sostenible","coloraci\u00f3n capilar org\u00e1nica","coloraci\u00f3n con barro","coloraci\u00f3n natural","cuidado capilar ecol\u00f3gico","cuidado capilar natural","oloraci\u00f3n con barro","salud del cabello","sucre estilismo","tinte siSIN amon\u00edaco.","tintes no agresivos"],"articleSection":["PRODUCTOS"],"inLanguage":"es","potentialAction":[{"@type":"CommentAction","name":"Comment","target":["https:\/\/www.sucreestilismo.es\/nueva\/coloracion-natural-barro-vs-tintes-no-agresivos-cual-es-la-mejor-opcion-para-tu-cabello\/#respond"]}]},{"@type":"WebPage","@id":"https:\/\/www.sucreestilismo.es\/nueva\/coloracion-natural-barro-vs-tintes-no-agresivos-cual-es-la-mejor-opcion-para-tu-cabello\/","url":"https:\/\/www.sucreestilismo.es\/nueva\/coloracion-natural-barro-vs-tintes-no-agresivos-cual-es-la-mejor-opcion-para-tu-cabello\/","name":"Coloraci\u00f3n Natural: Barro vs. Tintes No Agresivos \u2013 \u00bfCu\u00e1l es la Mejor Opci\u00f3n para tu Cabello? - Sucre Estilismo","isPartOf":{"@id":"https:\/\/www.sucreestilismo.es\/nueva\/#website"},"primaryImageOfPage":{"@id":"https:\/\/www.sucreestilismo.es\/nueva\/coloracion-natural-barro-vs-tintes-no-agresivos-cual-es-la-mejor-opcion-para-tu-cabello\/#primaryimage"},"image":{"@id":"https:\/\/www.sucreestilismo.es\/nueva\/coloracion-natural-barro-vs-tintes-no-agresivos-cual-es-la-mejor-opcion-para-tu-cabello\/#primaryimage"},"thumbnailUrl":"https:\/\/www.sucreestilismo.es\/nueva\/wp-content\/uploads\/2024\/02\/BARRO-VS-TINTES-NO-AGRESIVOS.png","datePublished":"2024-02-08T14:23:19+00:00","dateModified":"2024-02-08T14:51:39+00:00","breadcrumb":{"@id":"https:\/\/www.sucreestilismo.es\/nueva\/coloracion-natural-barro-vs-tintes-no-agresivos-cual-es-la-mejor-opcion-para-tu-cabello\/#breadcrumb"},"inLanguage":"es","potentialAction":[{"@type":"ReadAction","target":["https:\/\/www.sucreestilismo.es\/nueva\/coloracion-natural-barro-vs-tintes-no-agresivos-cual-es-la-mejor-opcion-para-tu-cabello\/"]}]},{"@type":"ImageObject","inLanguage":"es","@id":"https:\/\/www.sucreestilismo.es\/nueva\/coloracion-natural-barro-vs-tintes-no-agresivos-cual-es-la-mejor-opcion-para-tu-cabello\/#primaryimage","url":"https:\/\/www.sucreestilismo.es\/nueva\/wp-content\/uploads\/2024\/02\/BARRO-VS-TINTES-NO-AGRESIVOS.png","contentUrl":"https:\/\/www.sucreestilismo.es\/nueva\/wp-content\/uploads\/2024\/02\/BARRO-VS-TINTES-NO-AGRESIVOS.png","width":2240,"height":1260,"caption":"BARRO-VS-TINTES-NO-AGRESIVOS"},{"@type":"BreadcrumbList","@id":"https:\/\/www.sucreestilismo.es\/nueva\/coloracion-natural-barro-vs-tintes-no-agresivos-cual-es-la-mejor-opcion-para-tu-cabello\/#breadcrumb","itemListElement":[{"@type":"ListItem","position":1,"name":"Portada","item":"https:\/\/www.sucreestilismo.es\/nueva\/"},{"@type":"ListItem","position":2,"name":"Coloraci\u00f3n Natural: Barro vs. Tintes No Agresivos \u2013 \u00bfCu\u00e1l es la Mejor Opci\u00f3n para tu Cabello?"}]},{"@type":"WebSite","@id":"https:\/\/www.sucreestilismo.es\/nueva\/#website","url":"https:\/\/www.sucreestilismo.es\/nueva\/","name":"Sucre Estilismo","description":"Bienvenidos a Sucre Estilismo","publisher":{"@id":"https:\/\/www.sucreestilismo.es\/nueva\/#organization"},"potentialAction":[{"@type":"SearchAction","target":{"@type":"EntryPoint","urlTemplate":"https:\/\/www.sucreestilismo.es\/nueva\/?s={search_term_string}"},"query-input":"required name=search_term_string"}],"inLanguage":"es"},{"@type":"Organization","@id":"https:\/\/www.sucreestilismo.es\/nueva\/#organization","name":"Sucre Estilismo","url":"https:\/\/www.sucreestilismo.es\/nueva\/","logo":{"@type":"ImageObject","inLanguage":"es","@id":"https:\/\/www.sucreestilismo.es\/nueva\/#\/schema\/logo\/image\/","url":"https:\/\/www.sucreestilismo.es\/nueva\/wp-content\/uploads\/2024\/08\/360100652_749128210499528_3366610477502812859_n.jpg","contentUrl":"https:\/\/www.sucreestilismo.es\/nueva\/wp-content\/uploads\/2024\/08\/360100652_749128210499528_3366610477502812859_n.jpg","width":125,"height":125,"caption":"Sucre Estilismo"},"image":{"@id":"https:\/\/www.sucreestilismo.es\/nueva\/#\/schema\/logo\/image\/"},"sameAs":["https:\/\/www.facebook.com\/Sucreestilismo","https:\/\/www.instagram.com\/sucreestilismo\/","https:\/\/es.pinterest.com\/sucreestilismo\/"]},{"@type":"Person","@id":"https:\/\/www.sucreestilismo.es\/nueva\/#\/schema\/person\/e90a36d3c0e597ba139c25d86f827d6c","name":"Inma","image":{"@type":"ImageObject","inLanguage":"es","@id":"https:\/\/www.sucreestilismo.es\/nueva\/#\/schema\/person\/image\/","url":"https:\/\/secure.gravatar.com\/avatar\/2deb84ab803807d392585a2edc944878dd797a61b2eda9f17bc611d2dfc6ba48?s=96&d=mm&r=g","contentUrl":"https:\/\/secure.gravatar.com\/avatar\/2deb84ab803807d392585a2edc944878dd797a61b2eda9f17bc611d2dfc6ba48?s=96&d=mm&r=g","caption":"Inma"},"url":"https:\/\/www.sucreestilismo.es\/nueva\/author\/inma-usuario\/"}]}},"_links":{"self":[{"href":"https:\/\/www.sucreestilismo.es\/nueva\/wp-json\/wp\/v2\/posts\/1169","targetHints":{"allow":["GET"]}}],"collection":[{"href":"https:\/\/www.sucreestilismo.es\/nueva\/wp-json\/wp\/v2\/posts"}],"about":[{"href":"https:\/\/www.sucreestilismo.es\/nueva\/wp-json\/wp\/v2\/types\/post"}],"author":[{"embeddable":true,"href":"https:\/\/www.sucreestilismo.es\/nueva\/wp-json\/wp\/v2\/users\/2"}],"replies":[{"embeddable":true,"href":"https:\/\/www.sucreestilismo.es\/nueva\/wp-json\/wp\/v2\/comments?post=1169"}],"version-history":[{"count":3,"href":"https:\/\/www.sucreestilismo.es\/nueva\/wp-json\/wp\/v2\/posts\/1169\/revisions"}],"predecessor-version":[{"id":1180,"href":"https:\/\/www.sucreestilismo.es\/nueva\/wp-json\/wp\/v2\/posts\/1169\/revisions\/1180"}],"wp:featuredmedia":[{"embeddable":true,"href":"https:\/\/www.sucreestilismo.es\/nueva\/wp-json\/wp\/v2\/media\/1170"}],"wp:attachment":[{"href":"https:\/\/www.sucreestilismo.es\/nueva\/wp-json\/wp\/v2\/media?parent=1169"}],"wp:term":[{"taxonomy":"category","embeddable":true,"href":"https:\/\/www.sucreestilismo.es\/nueva\/wp-json\/wp\/v2\/categories?post=1169"},{"taxonomy":"post_tag","embeddable":true,"href":"https:\/\/www.sucreestilismo.es\/nueva\/wp-json\/wp\/v2\/tags?post=1169"}],"curies":[{"name":"wp","href":"https:\/\/api.w.org\/{rel}","templated":true}]}}